{"id":4334,"date":"2022-12-02T10:30:23","date_gmt":"2022-12-02T10:30:23","guid":{"rendered":"https:\/\/vacation-in-florida.com\/?p=4334"},"modified":"2024-06-10T08:09:46","modified_gmt":"2024-06-10T08:09:46","slug":"memorial-day","status":"publish","type":"post","link":"https:\/\/vacation-in-florida.com\/de\/reisefuehrer-florida\/memorial-day\/","title":{"rendered":"Memorial Day \u2013 emotionaler Gedenktag in den USA"},"content":{"rendered":"<div class=\"wpb-content-wrapper\"><p>[vc_row][vc_column][vc_column_text]<\/p>\n<p style=\"text-align: justify;\">Der <strong>Memorial Day<\/strong> im Mai geh\u00f6rt zu den wichtigsten offiziellen Feiertagen der USA. Er wurde im Gedenken an <strong>gefallene Veteranen<\/strong> eingerichtet und wird von zahlreichen Events begleitet. Wie an den anderen 10 \u201eFederal Holidays\u201c bleiben viele Einrichtungen an diesem Tag geschlossen.<\/p>\n<p style=\"text-align: justify;\">Wir verraten dir alles \u00fcber die Urspr\u00fcnge dieses Feiertags, wann er genau stattfindet und welche Veranstaltungen du am Memorial Day besuchen kannst. Au\u00dferdem erkl\u00e4ren wir, was hinter den Memorial Day Sales steckt, die mit zahlreichen Sonderangeboten locken.<\/p>\n<p>[\/vc_column_text][\/vc_column][\/vc_row][vc_row css=&#8220;.vc_custom_1593115667056{background-color: #f7f8f9 !important;}&#8220;][vc_column][vc_column_text]<\/p>\n<h2>Memorial Day \u2013 Bedeutung und Geschichte<\/h2>\n<p>[\/vc_column_text][vc_column_text]<\/p>\n<p style=\"text-align: justify;\">Wie der Name schon vermuten l\u00e4sst, handelt es sich beim Memorial Day um einen Gedenktag \u2013 und zwar f\u00fcr alle <strong>Angeh\u00f6rigen der US-Streitkr\u00e4fte<\/strong>, die in Aus\u00fcbung ihrer Pflicht gestorben sind. Das unterscheidet den Tag vom Veterans Day, bei dem alle ehemaligen Soldaten (lebend und verstorben) im Mittelpunkt stehen.<\/p>\n<p style=\"text-align: justify;\">Die Urspr\u00fcnge des Memorial Day sind komplex, und \u00e4hnliche Gedenktage gab es bereits lange zuvor. Zum Beispiel war es vor und w\u00e4hrend des <strong>Amerikanischen B\u00fcrgerkriegs<\/strong> \u00fcblich, die Gr\u00e4ber gefallener Soldaten mit Blumen zu schm\u00fccken.<\/p>\n<p style=\"text-align: justify;\">Historiker haben ganze <strong>25 Vorg\u00e4nger<\/strong> des Memorial Day identifiziert \u2013 z. B. in ehemaligen Staaten der Konf\u00f6deration wie Virginia, Mississippi und South Carolina. Oft wurden die Zeremonien von Frauenverb\u00e4nden und Soldaten-Witwen organisiert.<\/p>\n<p style=\"text-align: justify;\">Der <strong>Norden<\/strong> kannte ebenfalls Gedenktage f\u00fcr seine Gefallenen \u2013 auch wenn diese noch keinen staats\u00fcbergreifenden Charakter hatten. Erster einheitlicher Feiertag wurde der <strong>Decoration Day<\/strong>, der ab 1886 in 27 Bundesstaaten gefeiert wurde.<\/p>\n<p style=\"text-align: justify;\"><strong>1966<\/strong> versuchte Pr\u00e4sident Lyndon B. Johnson, die Diskussionen um den Geburtsort des Memorial Day zu beenden. Er legte <strong>Waterloo<\/strong>, <strong>New York<\/strong> offiziell als Ort fest. Wer den ersten Memorial Day ins Leben gerufen hat, und wo, bleibt bis heute eine schwierige Frage. In jedem Fall wurde der Decoration Day 1967 in Memorial Day <strong>umbenannt<\/strong>, und ein Jahr sp\u00e4ter erhielt der Feiertag sein offizielles Datum, das bis heute gilt.<\/p>\n<p style=\"text-align: justify;\">\u00dcbrigens gibt es auch einen <strong>Confederate Memorial Day<\/strong>, der nur in den S\u00fcdstaaten gefeiert wird und den Gefallenen der Konf\u00f6deration im Amerikanischen B\u00fcrgerkrieg gedenkt. Dieser Feiertag ist mittlerweile stark umstritten, aber immer noch in mehreren Staaten des S\u00fcdens anerkannt.<\/p>\n<p>[\/vc_column_text][\/vc_column][\/vc_row][vc_row][vc_column][vc_column_text]<strong>Anzeige<\/strong>[\/vc_column_text][\/vc_column][\/vc_row][vc_row full_width=&#8220;stretch_row&#8220;][vc_column][vc_raw_html]JTNDc2NyaXB0JTIwYXN5bmMlMjBzcmMlM0QlMjJodHRwcyUzQSUyRiUyRnBhZ2VhZDIuZ29vZ2xlc3luZGljYXRpb24uY29tJTJGcGFnZWFkJTJGanMlMkZhZHNieWdvb2dsZS5qcyUyMiUzRSUzQyUyRnNjcmlwdCUzRSUwQSUzQ2lucyUyMGNsYXNzJTNEJTIyYWRzYnlnb29nbGUlMjIlMEElMjAlMjAlMjAlMjAlMjBzdHlsZSUzRCUyMmRpc3BsYXklM0FibG9jayUzQiUyMHRleHQtYWxpZ24lM0FjZW50ZXIlM0IlMjIlMEElMjAlMjAlMjAlMjAlMjBkYXRhLWFkLWxheW91dCUzRCUyMmluLWFydGljbGUlMjIlMEElMjAlMjAlMjAlMjAlMjBkYXRhLWFkLWZvcm1hdCUzRCUyMmZsdWlkJTIyJTBBJTIwJTIwJTIwJTIwJTIwZGF0YS1hZC1jbGllbnQlM0QlMjJjYS1wdWItNTkyNjE5NDg2NDA4MDU2MSUyMiUwQSUyMCUyMCUyMCUyMCUyMGRhdGEtYWQtc2xvdCUzRCUyMjExNDgwMTQyNjklMjIlM0UlM0MlMkZpbnMlM0UlMEElM0NzY3JpcHQlM0UlMEElMjAlMjAlMjAlMjAlMjAlMjhhZHNieWdvb2dsZSUyMCUzRCUyMHdpbmRvdy5hZHNieWdvb2dsZSUyMCU3QyU3QyUyMCU1QiU1RCUyOS5wdXNoJTI4JTdCJTdEJTI5JTNCJTBBJTNDJTJGc2NyaXB0JTNF[\/vc_raw_html][\/vc_column][\/vc_row][vc_row][vc_column][vc_column_text]<\/p>\n<h2>Memorial Day \u2013 Datum<\/h2>\n<p>[\/vc_column_text][vc_column_text]<\/p>\n<p style=\"text-align: justify;\">Der Memorial Day markiert den inoffiziellen <strong>Sommeranfang<\/strong> in den USA und findet jedes Jahr am <strong>letzten Montag im Mai<\/strong> statt. Das hei\u00dft, er bewegt sich zwischen dem 25. und 31.Mai.<\/p>\n<p style=\"text-align: justify;\">In den n\u00e4chsten Jahren wird der Memorial Day auf die folgenden Tage fallen:<\/p>\n<p>[\/vc_column_text][vc_column_text]<\/p>\n<ul>\n<li style=\"text-align: justify;\">Memorial Day 2022: 30. Mai<\/li>\n<li style=\"text-align: justify;\">Memorial Day 2023: 29. Mai<\/li>\n<li>Memorial Day 2024: 27. Mai<\/li>\n<li>Memorial Day 2025: 26. Mai<\/li>\n<\/ul>\n<p>[\/vc_column_text][vc_column_text]<\/p>\n<p style=\"text-align: justify;\">Der Monat <strong>Mai<\/strong> wurde \u00fcbrigens nicht zuf\u00e4llig ausgew\u00e4hlt: US-General John A. Logan schlug ihn vor, damit die B\u00fcrger frische Blumen pfl\u00fccken und damit die Gr\u00e4ber der Soldaten schm\u00fccken konnten.<\/p>\n<p style=\"text-align: justify;\">Allerdings waren nicht alle Veteranen gl\u00fccklich mit der Entscheidung, den Memorial Day auf einen <strong>Montag<\/strong> zu legen. Viele bef\u00fcrchteten, die B\u00fcrger w\u00fcrden das verl\u00e4ngerte Wochenende f\u00fcr \u201eSpiele, Rennen und ausgelassene Feiern\u201c nutzen, statt ernsthaft und in Trauer zu gedenken.<\/p>\n<p>[\/vc_column_text][\/vc_column][\/vc_row][vc_row css=&#8220;.vc_custom_1593116025180{background-color: #f7f8f9 !important;}&#8220;][vc_column][vc_column_text]<\/p>\n<h2 style=\"text-align: left;\">Memorial Day \u2013 Feiern und Zeremonien<\/h2>\n<p>[\/vc_column_text][vc_column_text]<\/p>\n<p style=\"text-align: justify;\">Der Memorial Day ist einer der <strong>emotionalsten Feiertage<\/strong> der USA und hat eine wichtige Bedeutung f\u00fcr Patrioten im ganzen Land \u2013 genau wie der Veterans Day und der Independence Day. Das zeigt sich an folgenden Feiern und Zeremonien:<\/p>\n<p>[\/vc_column_text][\/vc_column][\/vc_row][vc_row css=&#8220;.vc_custom_1593116025180{background-color: #f7f8f9 !important;}&#8220;][vc_column][vc_column_text]<\/p>\n<h3 style=\"text-align: left;\">Friedhofsbesuche<\/h3>\n<p>[\/vc_column_text][vc_column_text]<\/p>\n<p style=\"text-align: justify;\">Angeh\u00f6rige, aber auch Freiwilligenverb\u00e4nde, ehren die gefallenen Soldaten, indem sie <strong>Blumen<\/strong> und <strong>amerikanische Flaggen<\/strong> auf ihre Gr\u00e4ber legen. Am deutlichsten kann man dies auf dem Nationalen Milit\u00e4rfriedhof von Arlington beobachten, der an diesem Tag feierlich geschm\u00fcckt ist. Auch <strong>Grave Markers<\/strong>, also Abzeichen mit milit\u00e4rischen Symbolen, sieht man oft. Auf Friedh\u00f6fen, aber auch in \u00f6ffentlichen Parks, werden Reden mit Danksagungen an die Helden vergangener Kriege gehalten.<\/p>\n<p>[\/vc_column_text][\/vc_column][\/vc_row][vc_row css=&#8220;.vc_custom_1593116025180{background-color: #f7f8f9 !important;}&#8220;][vc_column][vc_column_text]<\/p>\n<h3 style=\"text-align: left;\">Flaggenzeremonien<\/h3>\n<p>[\/vc_column_text][vc_column_text]<\/p>\n<p style=\"text-align: justify;\">Wenn du am Memorial Day unterwegs bist, kannst du Flaggenzeremonien beobachten, die einem <strong>strengen Protokoll<\/strong> folgen: Bei Sonnenaufgang wird die US-Flagge schnell nach oben gezogen und gleich danach auf halbmast gehisst. In dieser Position verbleibt sie bis zum Mittag, bevor sie wieder auf volle H\u00f6he gebracht wird.<\/p>\n<p>[\/vc_column_text][\/vc_column][\/vc_row][vc_row css=&#8220;.vc_custom_1593116025180{background-color: #f7f8f9 !important;}&#8220;][vc_column][vc_column_text]<\/p>\n<h3 style=\"text-align: left;\">Gedenkminute<\/h3>\n<p>[\/vc_column_text][vc_column_text]<\/p>\n<p style=\"text-align: justify;\">Ein fester Bestandteil des Memorial Day ist der \u201e<strong>National Moment of Remembrence<\/strong>\u201c: Um Punkt <strong>15:00 Uhr<\/strong> sind alle Amerikaner angehalten, eine Schweigeminute einzulegen, um den gefallenen Soldaten zu gedenken. Damit soll der urspr\u00fcngliche Gedanke dieses Feiertags am Leben erhalten werden. \u00dcbrigens werden Major League Baseball-Spiele um 15:00 Uhr kurz unterbrochen, und Amtrak-Z\u00fcge lassen ihre Hupe ert\u00f6nen.<\/p>\n<p>[\/vc_column_text][\/vc_column][\/vc_row][vc_row css=&#8220;.vc_custom_1593116025180{background-color: #f7f8f9 !important;}&#8220;][vc_column][vc_column_text]<\/p>\n<h3 style=\"text-align: left;\">Paraden<\/h3>\n<p>[\/vc_column_text][vc_column_text]<\/p>\n<p style=\"text-align: justify;\">Im Zentrum der Feierlichkeiten stehen <strong>Paraden<\/strong>, die im ganzen Land veranstaltet werden. Bei diesen marschieren meist aktive Soldaten der Streitkr\u00e4fte zusammen mit Veteranen vergangener Konflikte. Wenn du genau hinsiehst, kannst du vielleicht <strong>rote Mohnblumen<\/strong> an den Uniformen der Soldaten erkennen. Diese stellen seit dem 1. Weltkrieg ein offizielles Symbol des Gedenktags dar.<\/p>\n<p style=\"text-align: justify;\">Die \u00e4lteste Parade wird \u00fcbrigens in Ironton, Ohio, abgehalten \u2013 und zwar seit 1868. Um den Titel \u201egr\u00f6\u00dfte Memorial Day-Parade\u201c konkurrieren aktuell Washington, DC und New York.<\/p>\n<p>[\/vc_column_text][\/vc_column][\/vc_row][vc_row][vc_column][vc_column_text]<\/p>\n<h2 style=\"text-align: left;\">Memorial Day \u2013 \u00d6ffnungszeiten am Feiertag<\/h2>\n<p>[\/vc_column_text][vc_column_text]<\/p>\n<p style=\"text-align: justify;\">Der Memorial Day ist ein sog. \u201eFederal Holiday\u201c \u2013 also ein <strong>\u00fcberstaatlicher Feiertag<\/strong>. Das hei\u00dft, alle nicht-essenziellen Bundesbeh\u00f6rden bleiben an diesem Tag geschlossen. Dies trifft beispielsweise auf <strong>Post\u00e4mter<\/strong> zu: Briefe und Pakete werden am Memorial Day nicht bef\u00f6rdert. Die B\u00f6rse macht normalerweise einen Tag Pause und Bundesbeamten erhalten bezahlten Urlaub. Auch <strong>Banken<\/strong> sind am Memorial Day geschlossen.<\/p>\n<p style=\"text-align: justify;\">Anders sieht es mit <strong>Restaurants<\/strong> und <strong>Gesch\u00e4ften<\/strong> aus. Diese sind, anders als in Deutschland, nicht verpflichtet, ihre Pforten am Memorial Day zu schlie\u00dfen. Stattdessen nutzen viele Firmen diesen Tag, um Kunden anzulocken, wie wir im folgenden Abschnitt zeigen werden.<\/p>\n<p>[\/vc_column_text][vc_column_text]<\/p>\n<blockquote>\n<p style=\"text-align: justify;\">Noch ein Tipp f\u00fcr <strong>Autofahrer<\/strong>: Vor dem verl\u00e4ngerten Memorial Day-Wochenende sind die Autobahnen der USA regelm\u00e4\u00dfig \u00fcberf\u00fcllt. Am st\u00e4rksten ist das Verkehrsaufkommen am Donnerstag und Freitag. Das solltest du bedenken, wenn du zu dieser Zeit mit dem Pkw verreisen m\u00f6chtest.<\/p>\n<\/blockquote>\n<p>[\/vc_column_text][\/vc_column][\/vc_row][vc_row css=&#8220;.vc_custom_1593116025180{background-color: #f7f8f9 !important;}&#8220;][vc_column][vc_column_text]<\/p>\n<h2 style=\"text-align: left;\">Memorial Day Sale \u2013 Shopping mit Sonderangeboten<\/h2>\n<p>[\/vc_column_text][vc_column_text]<\/p>\n<p style=\"text-align: justify;\">Viele Amerikaner nutzen das verl\u00e4ngerte Memorial Day-Wochenende zum <strong>Einkaufen<\/strong>. Gesch\u00e4fte reagieren auf diesen Trend und bieten zu dieser Zeit Sonderangebote an. Da der Feiertag den Sommer einl\u00e4utet, sind vor allem <strong>Outdoor-Artikel<\/strong> wie Gartenm\u00f6bel, Grills und Rasenm\u00e4her reduziert.<\/p>\n<p style=\"text-align: justify;\">Auch <strong>Haushaltsger\u00e4te<\/strong>, Matratzen, Kleidung, Fernseher und Laptops lassen sich am Memorial Day g\u00fcnstig ergattern \u2013 zum Beispiel in Gesch\u00e4ften wie Walmart, Best Buy oder Home Depot.<\/p>\n<p style=\"text-align: justify;\">Wer wirklich sparen m\u00f6chte, sollte nach <strong>Memorial Day Coupons<\/strong> Ausschau halten. Diese musst du nicht mehr altmodisch aus Magazinen ausschneiden. Stattdessen lassen sich die Gutscheine auf Websites wie savings.com, retailmenot.com oder groupon.com herunterladen.<\/p>\n<p style=\"text-align: justify;\">Memorial Day ist ein beliebtes Reisedatum. Und so haben zahlreiche <strong>Hotels<\/strong> in den USA Verg\u00fcnstigungen auf Lager \u2013 so etwa in Florida. Allerdings musst du fr\u00fchzeitig buchen, da die Unterk\u00fcnfte sich an diesem Wochenende schnell f\u00fcllen. Weniger Vorlaufzeit ist n\u00f6tig, wenn du die Rabatte in den vielen Restaurants genie\u00dfen m\u00f6chtest.<\/p>\n<p style=\"text-align: justify;\">F\u00fcr die allermeisten Urlauber irrelevant, aber ein integraler Bestandteil des Memorial Day sind <strong>Angebote f\u00fcr Veteranen<\/strong> und <strong>aktive Mitglieder der Streitkr\u00e4fte<\/strong>. Diese erhalten in vielen Museen und Freizeitparks freien Eintritt f\u00fcr sich und ihre Familien \u2013 zus\u00e4tzlich zu Verg\u00fcnstigungen in Gesch\u00e4ften und Restaurants.<\/p>\n<p>[\/vc_column_text][\/vc_column][\/vc_row][vc_row][vc_column][vc_column_text]<\/p>\n<h2>Memorial Day FAQ \u2013 H\u00e4ufig gestellte Fragen<\/h2>\n<p>[\/vc_column_text][vc_toggle title=&#8220;Was ist Memorial Day?&#8220;]<\/p>\n<p style=\"text-align: justify;\">Der Memorial Day ist ein von der US-Regierung festgesetzter, also \u00fcberstaatlicher Feiertag zum Gedenken an alle Mitglieder der US-Streitkr\u00e4fte, die in Aus\u00fcbung ihrer Pflicht gestorben sind.<\/p>\n<p>[\/vc_toggle][vc_toggle title=&#8220;Wann ist Memorial Day?&#8220;]<\/p>\n<p style=\"text-align: justify;\">Der Memorial Day findet j\u00e4hrlich am letzten Montag im Mai statt. Er bildet den letzten Tag des verl\u00e4ngerten Memorial Day-Wochenendes und markiert au\u00dferdem den inoffiziellen<br \/>\nSommeranfang.<\/p>\n<p>[\/vc_toggle][vc_toggle title=&#8220;Wie wird der Memorial Day gefeiert?&#8220;]<\/p>\n<p style=\"text-align: justify;\">Zu den Zeremonien geh\u00f6ren das Dekorieren von Soldatengr\u00e4bern sowie Paraden, Konzerte, Vortr\u00e4ge und eine Gedenkminute um 15:00 Uhr. Auch das Einkaufen erfreut sich am<br \/>\nMemorial Day dank Sonderangeboten gro\u00dfer Beliebtheit.<\/p>\n<p>[\/vc_toggle][vc_toggle title=&#8220;Welche Einrichtungen haben am Memorial Day geschlossen?&#8220;]<\/p>\n<p style=\"text-align: justify;\">Alle staatlichen Beh\u00f6rden, Post\u00e4mter und Banken bleiben am Memorial Day geschlossen. Die meisten Gesch\u00e4fte und Restaurants sind dagegen ge\u00f6ffnet.<\/p>\n<p>[\/vc_toggle][\/vc_column][\/vc_row][vc_row][vc_column][vc_column_text]<strong>Anzeige<\/strong>[\/vc_column_text][\/vc_column][\/vc_row][vc_row full_width=&#8220;stretch_row&#8220;][vc_column][vc_raw_html]JTNDc2NyaXB0JTIwYXN5bmMlMjBzcmMlM0QlMjJodHRwcyUzQSUyRiUyRnBhZ2VhZDIuZ29vZ2xlc3luZGljYXRpb24uY29tJTJGcGFnZWFkJTJGanMlMkZhZHNieWdvb2dsZS5qcyUyMiUzRSUzQyUyRnNjcmlwdCUzRSUwQSUzQ2lucyUyMGNsYXNzJTNEJTIyYWRzYnlnb29nbGUlMjIlMEElMjAlMjAlMjAlMjAlMjBzdHlsZSUzRCUyMmRpc3BsYXklM0FibG9jayUzQiUyMHRleHQtYWxpZ24lM0FjZW50ZXIlM0IlMjIlMEElMjAlMjAlMjAlMjAlMjBkYXRhLWFkLWxheW91dCUzRCUyMmluLWFydGljbGUlMjIlMEElMjAlMjAlMjAlMjAlMjBkYXRhLWFkLWZvcm1hdCUzRCUyMmZsdWlkJTIyJTBBJTIwJTIwJTIwJTIwJTIwZGF0YS1hZC1jbGllbnQlM0QlMjJjYS1wdWItNTkyNjE5NDg2NDA4MDU2MSUyMiUwQSUyMCUyMCUyMCUyMCUyMGRhdGEtYWQtc2xvdCUzRCUyMjExNDgwMTQyNjklMjIlM0UlM0MlMkZpbnMlM0UlMEElM0NzY3JpcHQlM0UlMEElMjAlMjAlMjAlMjAlMjAlMjhhZHNieWdvb2dsZSUyMCUzRCUyMHdpbmRvdy5hZHNieWdvb2dsZSUyMCU3QyU3QyUyMCU1QiU1RCUyOS5wdXNoJTI4JTdCJTdEJTI5JTNCJTBBJTNDJTJGc2NyaXB0JTNF[\/vc_raw_html][\/vc_column][\/vc_row]<\/p>\n<\/div>","protected":false},"excerpt":{"rendered":"[vc_row][vc_column][vc_column_text] Der Memorial Day im Mai geh\u00f6rt zu den wichtigsten offiziellen Feiertagen der USA. Er wurde im Gedenken an gefallene Veteranen eingerichtet und wird von zahlreichen Events begleitet. Wie an den anderen 10 \u201eFederal Holidays\u201c bleiben viele Einrichtungen an diesem Tag geschlossen. Wir verraten dir alles \u00fcber die Urspr\u00fcnge dieses Feiertags, wann er genau stattfindet und welche Veranstaltungen du am Memorial Day besuchen kannst. Au\u00dferdem erkl\u00e4ren wir, was hinter den&#8230;","protected":false},"author":10,"featured_media":3850,"comment_status":"closed","ping_status":"open","sticky":false,"template":"","format":"standard","meta":{"_acf_changed":false,"footnotes":""},"categories":[89],"tags":[],"class_list":["post-4334","post","type-post","status-publish","format-standard","has-post-thumbnail","hentry","category-reisefuehrer-florida"],"acf":[],"yoast_head":"<!-- This site is optimized with the Yoast SEO plugin v26.3 - https:\/\/yoast.com\/wordpress\/plugins\/seo\/ -->\n<title>Memorial Day \u2013 emotionaler Gedenktag in den USA<\/title>\n<meta name=\"description\" content=\"Memorial Day \u2013 emotionaler Gedenktag in den USA - Erfahre jetzt mehr zu diesem und anderen Themen auf Vacation in Florida\" \/>\n<meta name=\"robots\" content=\"index, follow, max-snippet:-1, max-image-preview:large, max-video-preview:-1\" \/>\n<link rel=\"canonical\" href=\"https:\/\/vacation-in-florida.com\/de\/reisefuehrer-florida\/memorial-day\/\" \/>\n<meta property=\"og:locale\" content=\"de_DE\" \/>\n<meta property=\"og:type\" content=\"article\" \/>\n<meta property=\"og:title\" content=\"Memorial Day \u2013 emotionaler Gedenktag in den USA\" \/>\n<meta property=\"og:description\" content=\"Memorial Day \u2013 emotionaler Gedenktag in den USA - Erfahre jetzt mehr zu diesem und anderen Themen auf Vacation in Florida\" \/>\n<meta property=\"og:url\" content=\"https:\/\/vacation-in-florida.com\/de\/reisefuehrer-florida\/memorial-day\/\" \/>\n<meta property=\"og:site_name\" content=\"Vacation in Florida\" \/>\n<meta property=\"article:publisher\" content=\"https:\/\/www.facebook.com\/vacationinflorida\" \/>\n<meta property=\"article:published_time\" content=\"2022-12-02T10:30:23+00:00\" \/>\n<meta property=\"article:modified_time\" content=\"2024-06-10T08:09:46+00:00\" \/>\n<meta property=\"og:image\" content=\"https:\/\/vacation-in-florida.com\/wp-content\/uploads\/2022\/12\/Memorial-Day-\u2013-emotional-Day-of-Remembrance-in-the-USA.jpg\" \/>\n\t<meta property=\"og:image:width\" content=\"900\" \/>\n\t<meta property=\"og:image:height\" content=\"600\" \/>\n\t<meta property=\"og:image:type\" content=\"image\/jpeg\" \/>\n<meta name=\"author\" content=\"David Lange\" \/>\n<meta name=\"twitter:card\" content=\"summary_large_image\" \/>\n<meta name=\"twitter:label1\" content=\"Verfasst von\" \/>\n\t<meta name=\"twitter:data1\" content=\"David Lange\" \/>\n\t<meta name=\"twitter:label2\" content=\"Gesch\u00e4tzte Lesezeit\" \/>\n\t<meta name=\"twitter:data2\" content=\"6 Minuten\" \/>\n<!-- \/ Yoast SEO plugin. -->","yoast_head_json":{"title":"Memorial Day \u2013 emotionaler Gedenktag in den USA","description":"Memorial Day \u2013 emotionaler Gedenktag in den USA - Erfahre jetzt mehr zu diesem und anderen Themen auf Vacation in Florida","robots":{"index":"index","follow":"follow","max-snippet":"max-snippet:-1","max-image-preview":"max-image-preview:large","max-video-preview":"max-video-preview:-1"},"canonical":"https:\/\/vacation-in-florida.com\/de\/reisefuehrer-florida\/memorial-day\/","og_locale":"de_DE","og_type":"article","og_title":"Memorial Day \u2013 emotionaler Gedenktag in den USA","og_description":"Memorial Day \u2013 emotionaler Gedenktag in den USA - Erfahre jetzt mehr zu diesem und anderen Themen auf Vacation in Florida","og_url":"https:\/\/vacation-in-florida.com\/de\/reisefuehrer-florida\/memorial-day\/","og_site_name":"Vacation in Florida","article_publisher":"https:\/\/www.facebook.com\/vacationinflorida","article_published_time":"2022-12-02T10:30:23+00:00","article_modified_time":"2024-06-10T08:09:46+00:00","og_image":[{"width":900,"height":600,"url":"https:\/\/vacation-in-florida.com\/wp-content\/uploads\/2022\/12\/Memorial-Day-\u2013-emotional-Day-of-Remembrance-in-the-USA.jpg","type":"image\/jpeg"}],"author":"David Lange","twitter_card":"summary_large_image","twitter_misc":{"Verfasst von":"David Lange","Gesch\u00e4tzte Lesezeit":"6 Minuten"},"schema":{"@context":"https:\/\/schema.org","@graph":[{"@type":"Article","@id":"https:\/\/vacation-in-florida.com\/de\/reisefuehrer-florida\/memorial-day\/#article","isPartOf":{"@id":"https:\/\/vacation-in-florida.com\/de\/reisefuehrer-florida\/memorial-day\/"},"author":{"name":"David Lange","@id":"https:\/\/vacation-in-florida.com\/#\/schema\/person\/0075f04f7bbb6d288fcb01c67fa240f5"},"headline":"Memorial Day \u2013 emotionaler Gedenktag in den USA","datePublished":"2022-12-02T10:30:23+00:00","dateModified":"2024-06-10T08:09:46+00:00","mainEntityOfPage":{"@id":"https:\/\/vacation-in-florida.com\/de\/reisefuehrer-florida\/memorial-day\/"},"wordCount":1784,"publisher":{"@id":"https:\/\/vacation-in-florida.com\/#organization"},"image":{"@id":"https:\/\/vacation-in-florida.com\/de\/reisefuehrer-florida\/memorial-day\/#primaryimage"},"thumbnailUrl":"https:\/\/vacation-in-florida.com\/wp-content\/uploads\/2022\/12\/Memorial-Day-\u2013-emotional-Day-of-Remembrance-in-the-USA.jpg","articleSection":["Reisef\u00fchrer Florida"],"inLanguage":"de-DE"},{"@type":"WebPage","@id":"https:\/\/vacation-in-florida.com\/de\/reisefuehrer-florida\/memorial-day\/","url":"https:\/\/vacation-in-florida.com\/de\/reisefuehrer-florida\/memorial-day\/","name":"Memorial Day \u2013 emotionaler Gedenktag in den USA","isPartOf":{"@id":"https:\/\/vacation-in-florida.com\/#website"},"primaryImageOfPage":{"@id":"https:\/\/vacation-in-florida.com\/de\/reisefuehrer-florida\/memorial-day\/#primaryimage"},"image":{"@id":"https:\/\/vacation-in-florida.com\/de\/reisefuehrer-florida\/memorial-day\/#primaryimage"},"thumbnailUrl":"https:\/\/vacation-in-florida.com\/wp-content\/uploads\/2022\/12\/Memorial-Day-\u2013-emotional-Day-of-Remembrance-in-the-USA.jpg","datePublished":"2022-12-02T10:30:23+00:00","dateModified":"2024-06-10T08:09:46+00:00","description":"Memorial Day \u2013 emotionaler Gedenktag in den USA - Erfahre jetzt mehr zu diesem und anderen Themen auf Vacation in Florida","breadcrumb":{"@id":"https:\/\/vacation-in-florida.com\/de\/reisefuehrer-florida\/memorial-day\/#breadcrumb"},"inLanguage":"de-DE","potentialAction":[{"@type":"ReadAction","target":["https:\/\/vacation-in-florida.com\/de\/reisefuehrer-florida\/memorial-day\/"]}]},{"@type":"ImageObject","inLanguage":"de-DE","@id":"https:\/\/vacation-in-florida.com\/de\/reisefuehrer-florida\/memorial-day\/#primaryimage","url":"https:\/\/vacation-in-florida.com\/wp-content\/uploads\/2022\/12\/Memorial-Day-\u2013-emotional-Day-of-Remembrance-in-the-USA.jpg","contentUrl":"https:\/\/vacation-in-florida.com\/wp-content\/uploads\/2022\/12\/Memorial-Day-\u2013-emotional-Day-of-Remembrance-in-the-USA.jpg","width":900,"height":600},{"@type":"BreadcrumbList","@id":"https:\/\/vacation-in-florida.com\/de\/reisefuehrer-florida\/memorial-day\/#breadcrumb","itemListElement":[{"@type":"ListItem","position":1,"name":"Home","item":"https:\/\/vacation-in-florida.com\/de\/"},{"@type":"ListItem","position":2,"name":"Things to do florida","item":"https:\/\/vacation-in-florida.com\/things-to-do-florida\/"},{"@type":"ListItem","position":3,"name":"Events &amp; Holidays","item":"https:\/\/vacation-in-florida.com\/things-to-do-florida\/events-holidays\/"},{"@type":"ListItem","position":4,"name":"Memorial Day \u2013 emotionaler Gedenktag in den USA"}]},{"@type":"WebSite","@id":"https:\/\/vacation-in-florida.com\/#website","url":"https:\/\/vacation-in-florida.com\/","name":"Vacation in Florida","description":"Vacation Home &amp; Boat Rental","publisher":{"@id":"https:\/\/vacation-in-florida.com\/#organization"},"potentialAction":[{"@type":"SearchAction","target":{"@type":"EntryPoint","urlTemplate":"https:\/\/vacation-in-florida.com\/?s={search_term_string}"},"query-input":{"@type":"PropertyValueSpecification","valueRequired":true,"valueName":"search_term_string"}}],"inLanguage":"de-DE"},{"@type":"Organization","@id":"https:\/\/vacation-in-florida.com\/#organization","name":"Vacation in Florida","url":"https:\/\/vacation-in-florida.com\/","logo":{"@type":"ImageObject","inLanguage":"de-DE","@id":"https:\/\/vacation-in-florida.com\/#\/schema\/logo\/image\/","url":"https:\/\/www.vacation-in-florida.com\/wp-content\/uploads\/2022\/08\/LOGO_Vacation_in_Florida_com_grey.png","contentUrl":"https:\/\/www.vacation-in-florida.com\/wp-content\/uploads\/2022\/08\/LOGO_Vacation_in_Florida_com_grey.png","width":800,"height":137,"caption":"Vacation in Florida"},"image":{"@id":"https:\/\/vacation-in-florida.com\/#\/schema\/logo\/image\/"},"sameAs":["https:\/\/www.facebook.com\/vacationinflorida","https:\/\/www.instagram.com\/vacation_in_florida","https:\/\/www.youtube.com\/c\/VacationinFlorida"]},{"@type":"Person","@id":"https:\/\/vacation-in-florida.com\/#\/schema\/person\/0075f04f7bbb6d288fcb01c67fa240f5","name":"David Lange","image":{"@type":"ImageObject","inLanguage":"de-DE","@id":"https:\/\/vacation-in-florida.com\/#\/schema\/person\/image\/","url":"https:\/\/secure.gravatar.com\/avatar\/84e57936c08f749e41104130119f0cebd189ad3f37b1ad3410210dd8c9065e5e?s=96&d=mm&r=g","contentUrl":"https:\/\/secure.gravatar.com\/avatar\/84e57936c08f749e41104130119f0cebd189ad3f37b1ad3410210dd8c9065e5e?s=96&d=mm&r=g","caption":"David Lange"},"sameAs":["https:\/\/www.vacation-in-florida.com\/"],"url":"https:\/\/vacation-in-florida.com\/de\/author\/david\/"}]}},"_links":{"self":[{"href":"https:\/\/vacation-in-florida.com\/de\/wp-json\/wp\/v2\/posts\/4334","targetHints":{"allow":["GET"]}}],"collection":[{"href":"https:\/\/vacation-in-florida.com\/de\/wp-json\/wp\/v2\/posts"}],"about":[{"href":"https:\/\/vacation-in-florida.com\/de\/wp-json\/wp\/v2\/types\/post"}],"author":[{"embeddable":true,"href":"https:\/\/vacation-in-florida.com\/de\/wp-json\/wp\/v2\/users\/10"}],"replies":[{"embeddable":true,"href":"https:\/\/vacation-in-florida.com\/de\/wp-json\/wp\/v2\/comments?post=4334"}],"version-history":[{"count":0,"href":"https:\/\/vacation-in-florida.com\/de\/wp-json\/wp\/v2\/posts\/4334\/revisions"}],"wp:featuredmedia":[{"embeddable":true,"href":"https:\/\/vacation-in-florida.com\/de\/wp-json\/wp\/v2\/media\/3850"}],"wp:attachment":[{"href":"https:\/\/vacation-in-florida.com\/de\/wp-json\/wp\/v2\/media?parent=4334"}],"wp:term":[{"taxonomy":"category","embeddable":true,"href":"https:\/\/vacation-in-florida.com\/de\/wp-json\/wp\/v2\/categories?post=4334"},{"taxonomy":"post_tag","embeddable":true,"href":"https:\/\/vacation-in-florida.com\/de\/wp-json\/wp\/v2\/tags?post=4334"}],"curies":[{"name":"wp","href":"https:\/\/api.w.org\/{rel}","templated":true}]}}